{"id":209,"date":"2023-02-08T18:25:42","date_gmt":"2023-02-08T17:25:42","guid":{"rendered":"http:\/\/alltonal.de\/?p=209"},"modified":"2025-11-03T12:10:33","modified_gmt":"2025-11-03T11:10:33","slug":"save-the-date-2020","status":"publish","type":"post","link":"https:\/\/alltonal.de\/?p=209","title":{"rendered":"In 18 Liedern um die Welt"},"content":{"rendered":"\n<p><strong>Eine musikalische Reise durch Raum und Zeit <\/strong><\/p>\n\n\n\n<p><\/p>\n\n\n\n<p><strong>28. September 2025 um 17.00 Uhr<\/strong>, St. J\u00fcrgen Horst, Bahnhofsta\u00dfe 1, 25358 Horst \/ Holstein,<\/p>\n\n\n\n<p><strong>19. Oktober 2025<\/strong> <strong>um 19.00 Uhr<\/strong>, Rellinger Kirche, Hauptstrasse 36, 25462 Rellingen<\/p>\n\n\n\n<figure class=\"wp-block-video\"><video controls poster=\"http:\/\/alltonal.de\/wp-content\/uploads\/2023\/02\/Bildschirmfoto-2025-11-02-um-14.21.24.png\" src=\"http:\/\/alltonal.de\/wp-content\/uploads\/2025\/11\/MAH03403_1.mp4\"><\/video><\/figure>\n\n\n\n<p>In unserem neuen Konzertprogramm fangen wir die Musiktraditionen unterschiedlicher Kulturen ein. Von Island bis S\u00fcdafrika, von Japan bis Kuba pr\u00e4sentieren wir Ihnen kleine Sch\u00e4tze der Vokalmusik. Die Grenzen zwischen klassischen Kunstliedern und Folksongs l\u00f6sen sich auf. Wir besingen die Sch\u00f6nheit der Natur, ehren Gott mit innigen Gebeten und geben uns musikalisch der Freude und dem Leid der Liebe hin. Erleben Sie mit uns Sehnsucht und Melancholie, Temperament und Kraft ebenso wie Zuversicht und Trost.<\/p>\n\n\n\n<p>Wir freuen uns sehr, Sie in unserem vielseitigen, bunten Konzert begr\u00fc\u00dfen zu k\u00f6nnen.<\/p>\n\n\n\n<p style=\"font-size:22px\"><strong>&nbsp;<\/strong><\/p>\n\n\n\n<p><\/p>\n\n\n\n<p><\/p>\n\n\n\n<h4 class=\"wp-block-heading\">S\u00e4ngerinnen und S\u00e4nger gesucht!<br><\/h4>\n\n\n\n<p>Wir m\u00f6chten unser Vocalensemble, bestehend aus acht qualifizierten Laiens\u00e4ngerinnen und \u2013s\u00e4ngern, auf 12 Mitglieder erweitern und suchen in jeder Stimmlage Verst\u00e4rkung. Wir proben Dienstag abends von 19.30 bis 21.30 Uhr&nbsp;im Raum Altona und singen \u201afast\u2018&nbsp; alles, was uns Spa\u00df macht. Schwerpunkt ist die klassische a capella Chormusik quer durch die Jahrhunderte.<br><\/p>\n\n\n\n<p><strong>Voraussetzungen:<\/strong><\/p>\n\n\n\n<p>Du bist in der Lage, dir Noten selbst anzueignen und deine Stimme im Ensemble auch allein zu halten. Wir freuen uns auf dich, um unseren Ensemble-Klang weiter zu entwickeln.<\/p>\n\n\n\n<p>Bei Interesse melde Dich bitte bei Annette Fredrich: <\/p>\n\n\n\n<p>0160 823 12 84, alltonal@mail.de<\/p>\n","protected":false},"excerpt":{"rendered":"<p>Eine musikalische Reise durch Raum und Zeit 28. September 2025 um 17.00 Uhr, St. J\u00fcrgen Horst, Bahnhofsta\u00dfe 1, 25358 Horst \/ Holstein, 19. Oktober 2025 um 19.00 Uhr, Rellinger Kirche, Hauptstrasse 36, 25462 Rellingen In unserem neuen Konzertprogramm fangen wir die Musiktraditionen unterschiedlicher Kulturen ein. Von Island bis S\u00fcdafrika, von Japan bis Kuba pr\u00e4sentieren wir &hellip; <a href=\"https:\/\/alltonal.de\/?p=209\" class=\"more-link\"><span class=\"screen-reader-text\">In 18 Liedern um die Welt<\/span> weiterlesen<\/a><\/p>\n","protected":false},"author":1,"featured_media":336,"comment_status":"closed","ping_status":"closed","sticky":false,"template":"","format":"gallery","meta":{"footnotes":""},"categories":[1],"tags":[],"_links":{"self":[{"href":"https:\/\/alltonal.de\/index.php?rest_route=\/wp\/v2\/posts\/209"}],"collection":[{"href":"https:\/\/alltonal.de\/index.php?rest_route=\/wp\/v2\/posts"}],"about":[{"href":"https:\/\/alltonal.de\/index.php?rest_route=\/wp\/v2\/types\/post"}],"author":[{"embeddable":true,"href":"https:\/\/alltonal.de\/index.php?rest_route=\/wp\/v2\/users\/1"}],"replies":[{"embeddable":true,"href":"https:\/\/alltonal.de\/index.php?rest_route=%2Fwp%2Fv2%2Fcomments&post=209"}],"version-history":[{"count":30,"href":"https:\/\/alltonal.de\/index.php?rest_route=\/wp\/v2\/posts\/209\/revisions"}],"predecessor-version":[{"id":433,"href":"https:\/\/alltonal.de\/index.php?rest_route=\/wp\/v2\/posts\/209\/revisions\/433"}],"wp:featuredmedia":[{"embeddable":true,"href":"https:\/\/alltonal.de\/index.php?rest_route=\/wp\/v2\/media\/336"}],"wp:attachment":[{"href":"https:\/\/alltonal.de\/index.php?rest_route=%2Fwp%2Fv2%2Fmedia&parent=209"}],"wp:term":[{"taxonomy":"category","embeddable":true,"href":"https:\/\/alltonal.de\/index.php?rest_route=%2Fwp%2Fv2%2Fcategories&post=209"},{"taxonomy":"post_tag","embeddable":true,"href":"https:\/\/alltonal.de\/index.php?rest_route=%2Fwp%2Fv2%2Ftags&post=209"}],"curies":[{"name":"wp","href":"https:\/\/api.w.org\/{rel}","templated":true}]}}